{"id":11137,"date":"2026-03-08T15:51:17","date_gmt":"2026-03-08T15:51:17","guid":{"rendered":"https:\/\/staging.ide-tech.com\/simposio-watereuse-2026-del-8-al-11-de-marzo\/"},"modified":"2026-03-08T15:51:17","modified_gmt":"2026-03-08T15:51:17","slug":"simposio-watereuse-2026-del-8-al-11-de-marzo","status":"publish","type":"newsandevents","link":"https:\/\/ide-tech.com\/es\/simposio-watereuse-2026-del-8-al-11-de-marzo\/","title":{"rendered":"Simposio WateReuse 2026 | Del 8 al 11 de marzo"},"content":{"rendered":"<p data-start=\"123\" data-end=\"249\">Nos complace anunciar que IDE Water Technologies participar\u00e1 en el pr\u00f3ximo <span class=\"hover:entity-accent entity-underline inline cursor-pointer align-baseline\"><span class=\"whitespace-normal\">Simposio WateReuse 2026<\/span><\/span>.<\/p>\n<p data-start=\"251\" data-end=\"416\">\n<p data-start=\"251\" data-end=\"416\">Como uno de los principales eventos mundiales sobre la reutilizaci\u00f3n del agua, el simposio re\u00fane a l\u00edderes del sector, empresas de servicios p\u00fablicos e innovadores con el fin de impulsar soluciones sostenibles en materia de agua.<\/p>\n<p data-start=\"418\" data-end=\"561\">\n<p data-start=\"418\" data-end=\"561\">Esperamos poder colaborar con nuestros socios y partes interesadas, as\u00ed como compartir nuestra experiencia en tecnolog\u00edas avanzadas de desalaci\u00f3n y reutilizaci\u00f3n del agua.<\/p>\n<p>&nbsp;<\/p>\n<p>Para obtener m\u00e1s informaci\u00f3n sobre el evento, <a href=\"https:\/\/watereuse.org\/news-events\/conferences\/symposium-2026\/\" target=\"_blank\" rel=\"noopener\">haga clic aqu\u00ed<\/a>.<\/p>\n<p>&nbsp;<\/p>\n<p>&nbsp;<\/p>\n","protected":false},"featured_media":0,"parent":0,"menu_order":4,"template":"","newseventcat":[95],"class_list":["post-11137","newsandevents","type-newsandevents","status-publish","hentry","newseventcat-evento"],"acf":[],"yoast_head":"<!-- This site is optimized with the Yoast SEO plugin v27.0 - https:\/\/yoast.com\/product\/yoast-seo-wordpress\/ -->\n<title>Simposio WateReuse 2026 | Del 8 al 11 de marzo | IDE Tech<\/title>\n<meta name=\"description\" content=\"Congreso Mundial de la IDRA\" \/>\n<meta name=\"robots\" content=\"index, follow, max-snippet:-1, max-image-preview:large, max-video-preview:-1\" \/>\n<link rel=\"canonical\" href=\"https:\/\/ide-tech.com\/es\/simposio-watereuse-2026-del-8-al-11-de-marzo\/\" \/>\n<meta property=\"og:locale\" content=\"es_ES\" \/>\n<meta property=\"og:type\" content=\"article\" \/>\n<meta property=\"og:title\" content=\"Simposio WateReuse 2026 | Del 8 al 11 de marzo | IDE Tech\" \/>\n<meta property=\"og:description\" content=\"Congreso Mundial de la IDRA\" \/>\n<meta property=\"og:url\" content=\"https:\/\/ide-tech.com\/es\/simposio-watereuse-2026-del-8-al-11-de-marzo\/\" \/>\n<meta property=\"og:site_name\" content=\"IDE Tech\" \/>\n<meta name=\"twitter:card\" content=\"summary_large_image\" \/>\n<script type=\"application\/ld+json\" class=\"yoast-schema-graph\">{\"@context\":\"https:\/\/schema.org\",\"@graph\":[{\"@type\":\"WebPage\",\"@id\":\"https:\/\/ide-tech.com\/es\/simposio-watereuse-2026-del-8-al-11-de-marzo\/\",\"url\":\"https:\/\/ide-tech.com\/es\/simposio-watereuse-2026-del-8-al-11-de-marzo\/\",\"name\":\"Simposio WateReuse 2026 | Del 8 al 11 de marzo | IDE Tech\",\"isPartOf\":{\"@id\":\"https:\/\/ide-tech.com\/en\/#website\"},\"datePublished\":\"2026-03-08T15:51:17+00:00\",\"description\":\"Congreso Mundial de la IDRA\",\"breadcrumb\":{\"@id\":\"https:\/\/ide-tech.com\/es\/simposio-watereuse-2026-del-8-al-11-de-marzo\/#breadcrumb\"},\"inLanguage\":\"es\",\"potentialAction\":[{\"@type\":\"ReadAction\",\"target\":[\"https:\/\/ide-tech.com\/es\/simposio-watereuse-2026-del-8-al-11-de-marzo\/\"]}]},{\"@type\":\"BreadcrumbList\",\"@id\":\"https:\/\/ide-tech.com\/es\/simposio-watereuse-2026-del-8-al-11-de-marzo\/#breadcrumb\",\"itemListElement\":[{\"@type\":\"ListItem\",\"position\":1,\"name\":\"Home\",\"item\":\"https:\/\/ide-tech.com\/es\/hogar\/\"},{\"@type\":\"ListItem\",\"position\":2,\"name\":\"Simposio WateReuse 2026 | Del 8 al 11 de marzo\"}]},{\"@type\":\"WebSite\",\"@id\":\"https:\/\/ide-tech.com\/en\/#website\",\"url\":\"https:\/\/ide-tech.com\/en\/\",\"name\":\"IDE Tech\",\"description\":\"Your Water Partner\",\"potentialAction\":[{\"@type\":\"SearchAction\",\"target\":{\"@type\":\"EntryPoint\",\"urlTemplate\":\"https:\/\/ide-tech.com\/en\/?s={search_term_string}\"},\"query-input\":{\"@type\":\"PropertyValueSpecification\",\"valueRequired\":true,\"valueName\":\"search_term_string\"}}],\"inLanguage\":\"es\"}]}<\/script>\n<!-- \/ Yoast SEO plugin. -->","yoast_head_json":{"title":"Simposio WateReuse 2026 | Del 8 al 11 de marzo | IDE Tech","description":"Congreso Mundial de la IDRA","robots":{"index":"index","follow":"follow","max-snippet":"max-snippet:-1","max-image-preview":"max-image-preview:large","max-video-preview":"max-video-preview:-1"},"canonical":"https:\/\/ide-tech.com\/es\/simposio-watereuse-2026-del-8-al-11-de-marzo\/","og_locale":"es_ES","og_type":"article","og_title":"Simposio WateReuse 2026 | Del 8 al 11 de marzo | IDE Tech","og_description":"Congreso Mundial de la IDRA","og_url":"https:\/\/ide-tech.com\/es\/simposio-watereuse-2026-del-8-al-11-de-marzo\/","og_site_name":"IDE Tech","twitter_card":"summary_large_image","schema":{"@context":"https:\/\/schema.org","@graph":[{"@type":"WebPage","@id":"https:\/\/ide-tech.com\/es\/simposio-watereuse-2026-del-8-al-11-de-marzo\/","url":"https:\/\/ide-tech.com\/es\/simposio-watereuse-2026-del-8-al-11-de-marzo\/","name":"Simposio WateReuse 2026 | Del 8 al 11 de marzo | IDE Tech","isPartOf":{"@id":"https:\/\/ide-tech.com\/en\/#website"},"datePublished":"2026-03-08T15:51:17+00:00","description":"Congreso Mundial de la IDRA","breadcrumb":{"@id":"https:\/\/ide-tech.com\/es\/simposio-watereuse-2026-del-8-al-11-de-marzo\/#breadcrumb"},"inLanguage":"es","potentialAction":[{"@type":"ReadAction","target":["https:\/\/ide-tech.com\/es\/simposio-watereuse-2026-del-8-al-11-de-marzo\/"]}]},{"@type":"BreadcrumbList","@id":"https:\/\/ide-tech.com\/es\/simposio-watereuse-2026-del-8-al-11-de-marzo\/#breadcrumb","itemListElement":[{"@type":"ListItem","position":1,"name":"Home","item":"https:\/\/ide-tech.com\/es\/hogar\/"},{"@type":"ListItem","position":2,"name":"Simposio WateReuse 2026 | Del 8 al 11 de marzo"}]},{"@type":"WebSite","@id":"https:\/\/ide-tech.com\/en\/#website","url":"https:\/\/ide-tech.com\/en\/","name":"IDE Tech","description":"Your Water Partner","potentialAction":[{"@type":"SearchAction","target":{"@type":"EntryPoint","urlTemplate":"https:\/\/ide-tech.com\/en\/?s={search_term_string}"},"query-input":{"@type":"PropertyValueSpecification","valueRequired":true,"valueName":"search_term_string"}}],"inLanguage":"es"}]}},"_links":{"self":[{"href":"https:\/\/ide-tech.com\/es\/wp-json\/wp\/v2\/newsandevents\/11137","targetHints":{"allow":["GET"]}}],"collection":[{"href":"https:\/\/ide-tech.com\/es\/wp-json\/wp\/v2\/newsandevents"}],"about":[{"href":"https:\/\/ide-tech.com\/es\/wp-json\/wp\/v2\/types\/newsandevents"}],"wp:attachment":[{"href":"https:\/\/ide-tech.com\/es\/wp-json\/wp\/v2\/media?parent=11137"}],"wp:term":[{"taxonomy":"newseventcat","embeddable":true,"href":"https:\/\/ide-tech.com\/es\/wp-json\/wp\/v2\/newseventcat?post=11137"}],"curies":[{"name":"wp","href":"https:\/\/api.w.org\/{rel}","templated":true}]}}